{"id":7145,"date":"2025-06-06T11:14:31","date_gmt":"2025-06-06T09:14:31","guid":{"rendered":"https:\/\/mc-triton.cz\/?p=7145"},"modified":"2026-01-19T17:01:23","modified_gmt":"2026-01-19T16:01:23","slug":"hlavni-inzenyr-projektu-hlavni-inzenyrka-projektu-moderni-pozemni-stavby-praha","status":"publish","type":"post","link":"https:\/\/mc-triton.cz\/en\/hlavni-inzenyr-projektu-hlavni-inzenyrka-projektu-moderni-pozemni-stavby-praha\/","title":{"rendered":"Projektov\u00fd mana\u017eer \/ mana\u017eerka &#8211; Hlavn\u00ed in\u017een\u00fdr projektu \/ Hlavn\u00ed in\u017een\u00fdrka projektu, modern\u00ed pozemn\u00ed stavby, Praha."},"content":{"rendered":"<p>Projektov\u00fd mana\u017eer \/ Projektov\u00e1 mana\u017eerka<br>\/ Hlavn\u00ed in\u017een\u00fdr projektu \/ Hlavn\u00ed in\u017een\u00fdrka projektu \/ Praha<\/p>\n\n\n\n<p>Pro na\u0161eho klienta \u2013 p\u0159edn\u00ed architektonickou a projektovou kancel\u00e1\u0159 se siln\u00fdm postaven\u00edm na \u010desk\u00e9m trhu a rostouc\u00edm mezin\u00e1rodn\u00edm p\u0159esahem \u2013 hled\u00e1me osobnost, kter\u00e1 chce st\u00e1t u kl\u00ed\u010dov\u00fdch projekt\u016f sou\u010dasn\u00e9ho i budouc\u00edho stavitelstv\u00ed.<\/p>\n\n\n\n<p>Hled\u00e1me l\u00eddra, kter\u00fd dok\u00e1\u017ee p\u0159evz\u00edt odpov\u011bdnost za komplexn\u00ed projekty, \u0159\u00eddit \u0161pi\u010dkov\u00e9 odborn\u00edky a b\u00fdt skute\u010dn\u00fdm partnerem klient\u016fm.<br>\u010clov\u011bka, kter\u00fd um\u00ed spojit technickou erudici s modern\u00edm projektov\u00fdm \u0159\u00edzen\u00edm.<\/p>\n\n\n\n<p><\/p>\n\n\n\n<p>Jak\u00e1 bude Va\u0161e role?<\/p>\n\n\n\n<p>Budete kl\u00ed\u010dovou osobnost\u00ed projektu od prvn\u00edch studi\u00ed a\u017e po realiza\u010dn\u00ed dokumentaci:<\/p>\n\n\n\n<p>Komplexn\u00ed \u0159\u00edzen\u00ed a koordinace velk\u00fdch stavebn\u00edch projekt\u016f (\u0159\u00e1dov\u011b 500 mil. K\u010d a v\u00edce)<\/p>\n\n\n\n<p>Veden\u00ed projek\u010dn\u00edch t\u00fdm\u016f a odborn\u00fdch profes\u00ed<\/p>\n\n\n\n<p>Strategick\u00e1 komunikace s investory, architekty, subdodavateli i st\u00e1tn\u00ed spr\u00e1vou<\/p>\n\n\n\n<p>Odpov\u011bdnost za harmonogram, rozpo\u010det, kvalitu i rizika projektu<\/p>\n\n\n\n<p>Nastavov\u00e1n\u00ed proces\u016f, \u0159\u00edzen\u00ed zm\u011bn, rozhodov\u00e1n\u00ed v kl\u00ed\u010dov\u00fdch miln\u00edc\u00edch<\/p>\n\n\n\n<p>Reprezentace spole\u010dnosti na presti\u017en\u00edch projektech<\/p>\n\n\n\n<p>Stanete se skute\u010dn\u00fdm hlavn\u00edm in\u017een\u00fdrem projektu \u2013 osobnost\u00ed, kter\u00e1 dr\u017e\u00ed projekt pevn\u011b v rukou.<\/p>\n\n\n\n<p><\/p>\n\n\n\n<p>Koho opravdu hled\u00e1me?<\/p>\n\n\n\n<p>V\u0160 vzd\u011bl\u00e1n\u00ed stavebn\u00edho sm\u011bru<\/p>\n\n\n\n<p>Prokazateln\u00e9 zku\u0161enosti s \u0159\u00edzen\u00edm v\u00edce projekt\u016f sou\u010dasn\u011b<\/p>\n\n\n\n<p>Praxe na velk\u00fdch zak\u00e1zk\u00e1ch (ide\u00e1ln\u011b nad 500 mil. K\u010d)<\/p>\n\n\n\n<p>Siln\u00e9 kompetence v projektov\u00e9m managementu<\/p>\n\n\n\n<p>P\u0159irozen\u00e1 autorita, schopnost v\u00e9st odborn\u00edky a rozhodovat<\/p>\n\n\n\n<p>Systematick\u00fd p\u0159\u00edstup, strategick\u00e9 my\u0161len\u00ed, odolnost v\u016f\u010di tlaku<\/p>\n\n\n\n<p>Znalost ciz\u00edho jazyka v\u00fdhodou (nikoli podm\u00ednkou)<\/p>\n\n\n\n<p>Hled\u00e1me profesion\u00e1la, kter\u00fd chce m\u00edt re\u00e1ln\u00fd dopad na podobu m\u011bst a infrastruktury.<\/p>\n\n\n\n<p><\/p>\n\n\n\n<p>Co s V\u00e1mi sd\u00edl\u00edme?<\/p>\n\n\n\n<p>Pr\u00e1ci na presti\u017en\u00edch, modern\u00edch a smyslupln\u00fdch projektech<\/p>\n\n\n\n<p>Stabiln\u00ed z\u00e1zem\u00ed respektovan\u00e9 projek\u010dn\u00ed kancel\u00e1\u0159e<\/p>\n\n\n\n<p>Siln\u00fd odborn\u00fd t\u00fdm a podporu cel\u00e9 organizace<\/p>\n\n\n\n<p>Prostor pro profesn\u00ed r\u016fst, vlastn\u00ed iniciativu a inovace<\/p>\n\n\n\n<p>Nadstandardn\u00ed finan\u010dn\u00ed ohodnocen\u00ed odpov\u00eddaj\u00edc\u00ed odpov\u011bdnosti<\/p>\n\n\n\n<p>Dlouhodobou perspektivu a jistotu<\/p>\n\n\n\n<p>Mo\u017enost b\u00fdt u z\u00e1sadn\u00edch zm\u011bn v \u010desk\u00e9m stavebnictv\u00ed<\/p>\n\n\n\n<p>Pro\u010d pr\u00e1v\u011b tato pozice?<\/p>\n\n\n\n<p>Proto\u017ee zde nejde jen o \u201e\u0159\u00edzen\u00ed projekt\u016f\u201c.<br>Jde o tvorbu hodnot, stopu v architektu\u0159e a m\u011bstsk\u00e9m prostoru.<br>O mo\u017enost odli\u0161it se a b\u00fdt skute\u010dn\u011b u toho, kdy\u017e se m\u011bn\u00ed Praha i cel\u00fd stavebn\u00ed segment v \u010cR.<\/p>\n\n\n\n<p>Rozhodnut\u00ed je jen na V\u00e1s.<\/p>\n\n\n\n<p>Pokud c\u00edt\u00edte, \u017ee nastal \u010das posunout svou kari\u00e9ru na vy\u0161\u0161\u00ed \u00farove\u0148, r\u00e1di V\u00e1s pozn\u00e1me.<\/p>\n\n\n\n<p>Pokud je to ta prav\u00e1 p\u0159\u00edle\u017eitost pro V\u00e1s nev\u00e1hejte a kontaktujte m\u011b: lavicka@mc-triton.cz nebo te. 724 960 978<\/p>\n\n\n\n<p>D\u011bkuji V\u00e1m za V\u00e1\u0161 \u010das v\u011bnovan\u00fd t\u00e9to modern\u00ed a opravdu atraktivn\u00ed p\u0159\u00edle\u017eitosti, Mgr.Ing. Lud\u011bk L\u00e1vi\u010dka.<\/p>","protected":false},"excerpt":{"rendered":"<p>Projektov\u00fd mana\u017eer \/ Projektov\u00e1 mana\u017eerka\/ Hlavn\u00ed in\u017een\u00fdr projektu \/ Hlavn\u00ed in\u017een\u00fdrka projektu \/ Praha Pro na\u0161eho klienta \u2013 p\u0159edn\u00ed architektonickou a projektovou kancel\u00e1\u0159 se siln\u00fdm postaven\u00edm na \u010desk\u00e9m trhu a rostouc\u00edm mezin\u00e1rodn\u00edm p\u0159esahem \u2013 hled\u00e1me osobnost, kter\u00e1 chce st\u00e1t u kl\u00ed\u010dov\u00fdch projekt\u016f sou\u010dasn\u00e9ho i budouc\u00edho stavitelstv\u00ed. Hled\u00e1me l\u00eddra, kter\u00fd dok\u00e1\u017ee p\u0159evz\u00edt odpov\u011bdnost za komplexn\u00ed projekty, [&hellip;]<\/p>\n","protected":false},"author":2,"featured_media":7146,"comment_status":"closed","ping_status":"closed","sticky":false,"template":"","format":"standard","meta":{"_acf_changed":false,"episode_type":"","audio_file":"","podmotor_file_id":"","podmotor_episode_id":"","cover_image":"","cover_image_id":"","duration":"","filesize":"","filesize_raw":"","date_recorded":"","explicit":"","block":"","footnotes":""},"categories":[19],"tags":[],"class_list":["post-7145","post","type-post","status-publish","format-standard","has-post-thumbnail","hentry","category-hledame-lidi-pro-nase-klienty"],"acf":[],"yoast_head":"<!-- This site is optimized with the Yoast SEO plugin v27.5 - https:\/\/yoast.com\/product\/yoast-seo-wordpress\/ -->\n<title>Projektov\u00fd mana\u017eer \/ mana\u017eerka - Hlavn\u00ed in\u017een\u00fdr projektu \/ Hlavn\u00ed in\u017een\u00fdrka projektu, modern\u00ed pozemn\u00ed stavby, Praha. | M.C.TRITON<\/title>\n<meta name=\"robots\" content=\"index, follow, max-snippet:-1, max-image-preview:large, max-video-preview:-1\" \/>\n<link rel=\"canonical\" href=\"https:\/\/mc-triton.cz\/en\/hlavni-inzenyr-projektu-hlavni-inzenyrka-projektu-moderni-pozemni-stavby-praha\/\" \/>\n<meta property=\"og:locale\" content=\"en_US\" \/>\n<meta property=\"og:type\" content=\"article\" \/>\n<meta property=\"og:title\" content=\"Projektov\u00fd mana\u017eer \/ mana\u017eerka - Hlavn\u00ed in\u017een\u00fdr projektu \/ Hlavn\u00ed in\u017een\u00fdrka projektu, modern\u00ed pozemn\u00ed stavby, Praha. | M.C.TRITON\" \/>\n<meta property=\"og:description\" content=\"Projektov\u00fd mana\u017eer \/ Projektov\u00e1 mana\u017eerka\/ Hlavn\u00ed in\u017een\u00fdr projektu \/ Hlavn\u00ed in\u017een\u00fdrka projektu \/ Praha Pro na\u0161eho klienta \u2013 p\u0159edn\u00ed architektonickou a projektovou kancel\u00e1\u0159 se siln\u00fdm postaven\u00edm na \u010desk\u00e9m trhu a rostouc\u00edm mezin\u00e1rodn\u00edm p\u0159esahem \u2013 hled\u00e1me osobnost, kter\u00e1 chce st\u00e1t u kl\u00ed\u010dov\u00fdch projekt\u016f sou\u010dasn\u00e9ho i budouc\u00edho stavitelstv\u00ed. Hled\u00e1me l\u00eddra, kter\u00fd dok\u00e1\u017ee p\u0159evz\u00edt odpov\u011bdnost za komplexn\u00ed projekty, [&hellip;]\" \/>\n<meta property=\"og:url\" content=\"https:\/\/mc-triton.cz\/en\/hlavni-inzenyr-projektu-hlavni-inzenyrka-projektu-moderni-pozemni-stavby-praha\/\" \/>\n<meta property=\"og:site_name\" content=\"M.C.TRITON\" \/>\n<meta property=\"article:publisher\" content=\"https:\/\/www.facebook.com\/M.C.TRITON\/\" \/>\n<meta property=\"article:published_time\" content=\"2025-06-06T09:14:31+00:00\" \/>\n<meta property=\"article:modified_time\" content=\"2026-01-19T16:01:23+00:00\" \/>\n<meta property=\"og:image\" content=\"https:\/\/mc-triton.cz\/wp-content\/uploads\/2025\/06\/architecture-gc49ac46d4_1280.jpg\" \/>\n\t<meta property=\"og:image:width\" content=\"1280\" \/>\n\t<meta property=\"og:image:height\" content=\"720\" \/>\n\t<meta property=\"og:image:type\" content=\"image\/jpeg\" \/>\n<meta name=\"author\" content=\"Lud\u011bk L\u00e1vi\u010dka\" \/>\n<meta name=\"twitter:card\" content=\"summary_large_image\" \/>\n<meta name=\"twitter:label1\" content=\"Written by\" \/>\n\t<meta name=\"twitter:data1\" content=\"Lud\u011bk L\u00e1vi\u010dka\" \/>\n\t<meta name=\"twitter:label2\" content=\"Est. reading time\" \/>\n\t<meta name=\"twitter:data2\" content=\"3 minutes\" \/>\n<script type=\"application\/ld+json\" class=\"yoast-schema-graph\">{\"@context\":\"https:\\\/\\\/schema.org\",\"@graph\":[{\"@type\":\"Article\",\"@id\":\"https:\\\/\\\/mc-triton.cz\\\/hlavni-inzenyr-projektu-hlavni-inzenyrka-projektu-moderni-pozemni-stavby-praha\\\/#article\",\"isPartOf\":{\"@id\":\"https:\\\/\\\/mc-triton.cz\\\/hlavni-inzenyr-projektu-hlavni-inzenyrka-projektu-moderni-pozemni-stavby-praha\\\/\"},\"author\":{\"name\":\"Lud\u011bk L\u00e1vi\u010dka\",\"@id\":\"https:\\\/\\\/mc-triton.cz\\\/#\\\/schema\\\/person\\\/c687c4aff966a1ef02ad0feef2eddb0a\"},\"headline\":\"Projektov\u00fd mana\u017eer \\\/ mana\u017eerka &#8211; Hlavn\u00ed in\u017een\u00fdr projektu \\\/ Hlavn\u00ed in\u017een\u00fdrka projektu, modern\u00ed pozemn\u00ed stavby, Praha.\",\"datePublished\":\"2025-06-06T09:14:31+00:00\",\"dateModified\":\"2026-01-19T16:01:23+00:00\",\"mainEntityOfPage\":{\"@id\":\"https:\\\/\\\/mc-triton.cz\\\/hlavni-inzenyr-projektu-hlavni-inzenyrka-projektu-moderni-pozemni-stavby-praha\\\/\"},\"wordCount\":512,\"publisher\":{\"@id\":\"https:\\\/\\\/mc-triton.cz\\\/#organization\"},\"image\":{\"@id\":\"https:\\\/\\\/mc-triton.cz\\\/hlavni-inzenyr-projektu-hlavni-inzenyrka-projektu-moderni-pozemni-stavby-praha\\\/#primaryimage\"},\"thumbnailUrl\":\"https:\\\/\\\/mc-triton.cz\\\/wp-content\\\/uploads\\\/2025\\\/06\\\/architecture-gc49ac46d4_1280.jpg\",\"articleSection\":[\"Inzer\u00e1ty pro na\u0161e klienty\"],\"inLanguage\":\"en-US\"},{\"@type\":\"WebPage\",\"@id\":\"https:\\\/\\\/mc-triton.cz\\\/hlavni-inzenyr-projektu-hlavni-inzenyrka-projektu-moderni-pozemni-stavby-praha\\\/\",\"url\":\"https:\\\/\\\/mc-triton.cz\\\/hlavni-inzenyr-projektu-hlavni-inzenyrka-projektu-moderni-pozemni-stavby-praha\\\/\",\"name\":\"Projektov\u00fd mana\u017eer \\\/ mana\u017eerka - Hlavn\u00ed in\u017een\u00fdr projektu \\\/ Hlavn\u00ed in\u017een\u00fdrka projektu, modern\u00ed pozemn\u00ed stavby, Praha. | M.C.TRITON\",\"isPartOf\":{\"@id\":\"https:\\\/\\\/mc-triton.cz\\\/#website\"},\"primaryImageOfPage\":{\"@id\":\"https:\\\/\\\/mc-triton.cz\\\/hlavni-inzenyr-projektu-hlavni-inzenyrka-projektu-moderni-pozemni-stavby-praha\\\/#primaryimage\"},\"image\":{\"@id\":\"https:\\\/\\\/mc-triton.cz\\\/hlavni-inzenyr-projektu-hlavni-inzenyrka-projektu-moderni-pozemni-stavby-praha\\\/#primaryimage\"},\"thumbnailUrl\":\"https:\\\/\\\/mc-triton.cz\\\/wp-content\\\/uploads\\\/2025\\\/06\\\/architecture-gc49ac46d4_1280.jpg\",\"datePublished\":\"2025-06-06T09:14:31+00:00\",\"dateModified\":\"2026-01-19T16:01:23+00:00\",\"breadcrumb\":{\"@id\":\"https:\\\/\\\/mc-triton.cz\\\/hlavni-inzenyr-projektu-hlavni-inzenyrka-projektu-moderni-pozemni-stavby-praha\\\/#breadcrumb\"},\"inLanguage\":\"en-US\",\"potentialAction\":[{\"@type\":\"ReadAction\",\"target\":[\"https:\\\/\\\/mc-triton.cz\\\/hlavni-inzenyr-projektu-hlavni-inzenyrka-projektu-moderni-pozemni-stavby-praha\\\/\"]}]},{\"@type\":\"ImageObject\",\"inLanguage\":\"en-US\",\"@id\":\"https:\\\/\\\/mc-triton.cz\\\/hlavni-inzenyr-projektu-hlavni-inzenyrka-projektu-moderni-pozemni-stavby-praha\\\/#primaryimage\",\"url\":\"https:\\\/\\\/mc-triton.cz\\\/wp-content\\\/uploads\\\/2025\\\/06\\\/architecture-gc49ac46d4_1280.jpg\",\"contentUrl\":\"https:\\\/\\\/mc-triton.cz\\\/wp-content\\\/uploads\\\/2025\\\/06\\\/architecture-gc49ac46d4_1280.jpg\",\"width\":1280,\"height\":720},{\"@type\":\"BreadcrumbList\",\"@id\":\"https:\\\/\\\/mc-triton.cz\\\/hlavni-inzenyr-projektu-hlavni-inzenyrka-projektu-moderni-pozemni-stavby-praha\\\/#breadcrumb\",\"itemListElement\":[{\"@type\":\"ListItem\",\"position\":1,\"name\":\"Dom\u016f\",\"item\":\"https:\\\/\\\/mc-triton.cz\\\/\"},{\"@type\":\"ListItem\",\"position\":2,\"name\":\"Projektov\u00fd mana\u017eer \\\/ mana\u017eerka &#8211; Hlavn\u00ed in\u017een\u00fdr projektu \\\/ Hlavn\u00ed in\u017een\u00fdrka projektu, modern\u00ed pozemn\u00ed stavby, Praha.\"}]},{\"@type\":\"WebSite\",\"@id\":\"https:\\\/\\\/mc-triton.cz\\\/#website\",\"url\":\"https:\\\/\\\/mc-triton.cz\\\/\",\"name\":\"M.C.TRITON\",\"description\":\"\u0158\u00edd\u00edme nebo pom\u00e1h\u00e1me s \u0159\u00edzen\u00edm firem a \u00fa\u0159ad\u016f ve ve\u0159ejn\u00e9m sektoru\",\"publisher\":{\"@id\":\"https:\\\/\\\/mc-triton.cz\\\/#organization\"},\"potentialAction\":[{\"@type\":\"SearchAction\",\"target\":{\"@type\":\"EntryPoint\",\"urlTemplate\":\"https:\\\/\\\/mc-triton.cz\\\/?s={search_term_string}\"},\"query-input\":{\"@type\":\"PropertyValueSpecification\",\"valueRequired\":true,\"valueName\":\"search_term_string\"}}],\"inLanguage\":\"en-US\"},{\"@type\":\"Organization\",\"@id\":\"https:\\\/\\\/mc-triton.cz\\\/#organization\",\"name\":\"M.C.TRITON\",\"url\":\"https:\\\/\\\/mc-triton.cz\\\/\",\"logo\":{\"@type\":\"ImageObject\",\"inLanguage\":\"en-US\",\"@id\":\"https:\\\/\\\/mc-triton.cz\\\/#\\\/schema\\\/logo\\\/image\\\/\",\"url\":\"https:\\\/\\\/mc-triton.cz\\\/wp-content\\\/uploads\\\/2019\\\/04\\\/modre_XL.png\",\"contentUrl\":\"https:\\\/\\\/mc-triton.cz\\\/wp-content\\\/uploads\\\/2019\\\/04\\\/modre_XL.png\",\"width\":924,\"height\":479,\"caption\":\"M.C.TRITON\"},\"image\":{\"@id\":\"https:\\\/\\\/mc-triton.cz\\\/#\\\/schema\\\/logo\\\/image\\\/\"},\"sameAs\":[\"https:\\\/\\\/www.facebook.com\\\/M.C.TRITON\\\/\",\"https:\\\/\\\/www.linkedin.com\\\/company\\\/m-c-triton\\\/\"]},{\"@type\":\"Person\",\"@id\":\"https:\\\/\\\/mc-triton.cz\\\/#\\\/schema\\\/person\\\/c687c4aff966a1ef02ad0feef2eddb0a\",\"name\":\"Lud\u011bk L\u00e1vi\u010dka\"}]}<\/script>\n<!-- \/ Yoast SEO plugin. -->","yoast_head_json":{"title":"Projektov\u00fd mana\u017eer \/ mana\u017eerka - Hlavn\u00ed in\u017een\u00fdr projektu \/ Hlavn\u00ed in\u017een\u00fdrka projektu, modern\u00ed pozemn\u00ed stavby, Praha. | M.C.TRITON","robots":{"index":"index","follow":"follow","max-snippet":"max-snippet:-1","max-image-preview":"max-image-preview:large","max-video-preview":"max-video-preview:-1"},"canonical":"https:\/\/mc-triton.cz\/en\/hlavni-inzenyr-projektu-hlavni-inzenyrka-projektu-moderni-pozemni-stavby-praha\/","og_locale":"en_US","og_type":"article","og_title":"Projektov\u00fd mana\u017eer \/ mana\u017eerka - Hlavn\u00ed in\u017een\u00fdr projektu \/ Hlavn\u00ed in\u017een\u00fdrka projektu, modern\u00ed pozemn\u00ed stavby, Praha. | M.C.TRITON","og_description":"Projektov\u00fd mana\u017eer \/ Projektov\u00e1 mana\u017eerka\/ Hlavn\u00ed in\u017een\u00fdr projektu \/ Hlavn\u00ed in\u017een\u00fdrka projektu \/ Praha Pro na\u0161eho klienta \u2013 p\u0159edn\u00ed architektonickou a projektovou kancel\u00e1\u0159 se siln\u00fdm postaven\u00edm na \u010desk\u00e9m trhu a rostouc\u00edm mezin\u00e1rodn\u00edm p\u0159esahem \u2013 hled\u00e1me osobnost, kter\u00e1 chce st\u00e1t u kl\u00ed\u010dov\u00fdch projekt\u016f sou\u010dasn\u00e9ho i budouc\u00edho stavitelstv\u00ed. Hled\u00e1me l\u00eddra, kter\u00fd dok\u00e1\u017ee p\u0159evz\u00edt odpov\u011bdnost za komplexn\u00ed projekty, [&hellip;]","og_url":"https:\/\/mc-triton.cz\/en\/hlavni-inzenyr-projektu-hlavni-inzenyrka-projektu-moderni-pozemni-stavby-praha\/","og_site_name":"M.C.TRITON","article_publisher":"https:\/\/www.facebook.com\/M.C.TRITON\/","article_published_time":"2025-06-06T09:14:31+00:00","article_modified_time":"2026-01-19T16:01:23+00:00","og_image":[{"width":1280,"height":720,"url":"https:\/\/mc-triton.cz\/wp-content\/uploads\/2025\/06\/architecture-gc49ac46d4_1280.jpg","type":"image\/jpeg"}],"author":"Lud\u011bk L\u00e1vi\u010dka","twitter_card":"summary_large_image","twitter_misc":{"Written by":"Lud\u011bk L\u00e1vi\u010dka","Est. reading time":"3 minutes"},"schema":{"@context":"https:\/\/schema.org","@graph":[{"@type":"Article","@id":"https:\/\/mc-triton.cz\/hlavni-inzenyr-projektu-hlavni-inzenyrka-projektu-moderni-pozemni-stavby-praha\/#article","isPartOf":{"@id":"https:\/\/mc-triton.cz\/hlavni-inzenyr-projektu-hlavni-inzenyrka-projektu-moderni-pozemni-stavby-praha\/"},"author":{"name":"Lud\u011bk L\u00e1vi\u010dka","@id":"https:\/\/mc-triton.cz\/#\/schema\/person\/c687c4aff966a1ef02ad0feef2eddb0a"},"headline":"Projektov\u00fd mana\u017eer \/ mana\u017eerka &#8211; Hlavn\u00ed in\u017een\u00fdr projektu \/ Hlavn\u00ed in\u017een\u00fdrka projektu, modern\u00ed pozemn\u00ed stavby, Praha.","datePublished":"2025-06-06T09:14:31+00:00","dateModified":"2026-01-19T16:01:23+00:00","mainEntityOfPage":{"@id":"https:\/\/mc-triton.cz\/hlavni-inzenyr-projektu-hlavni-inzenyrka-projektu-moderni-pozemni-stavby-praha\/"},"wordCount":512,"publisher":{"@id":"https:\/\/mc-triton.cz\/#organization"},"image":{"@id":"https:\/\/mc-triton.cz\/hlavni-inzenyr-projektu-hlavni-inzenyrka-projektu-moderni-pozemni-stavby-praha\/#primaryimage"},"thumbnailUrl":"https:\/\/mc-triton.cz\/wp-content\/uploads\/2025\/06\/architecture-gc49ac46d4_1280.jpg","articleSection":["Inzer\u00e1ty pro na\u0161e klienty"],"inLanguage":"en-US"},{"@type":"WebPage","@id":"https:\/\/mc-triton.cz\/hlavni-inzenyr-projektu-hlavni-inzenyrka-projektu-moderni-pozemni-stavby-praha\/","url":"https:\/\/mc-triton.cz\/hlavni-inzenyr-projektu-hlavni-inzenyrka-projektu-moderni-pozemni-stavby-praha\/","name":"Projektov\u00fd mana\u017eer \/ mana\u017eerka - Hlavn\u00ed in\u017een\u00fdr projektu \/ Hlavn\u00ed in\u017een\u00fdrka projektu, modern\u00ed pozemn\u00ed stavby, Praha. | M.C.TRITON","isPartOf":{"@id":"https:\/\/mc-triton.cz\/#website"},"primaryImageOfPage":{"@id":"https:\/\/mc-triton.cz\/hlavni-inzenyr-projektu-hlavni-inzenyrka-projektu-moderni-pozemni-stavby-praha\/#primaryimage"},"image":{"@id":"https:\/\/mc-triton.cz\/hlavni-inzenyr-projektu-hlavni-inzenyrka-projektu-moderni-pozemni-stavby-praha\/#primaryimage"},"thumbnailUrl":"https:\/\/mc-triton.cz\/wp-content\/uploads\/2025\/06\/architecture-gc49ac46d4_1280.jpg","datePublished":"2025-06-06T09:14:31+00:00","dateModified":"2026-01-19T16:01:23+00:00","breadcrumb":{"@id":"https:\/\/mc-triton.cz\/hlavni-inzenyr-projektu-hlavni-inzenyrka-projektu-moderni-pozemni-stavby-praha\/#breadcrumb"},"inLanguage":"en-US","potentialAction":[{"@type":"ReadAction","target":["https:\/\/mc-triton.cz\/hlavni-inzenyr-projektu-hlavni-inzenyrka-projektu-moderni-pozemni-stavby-praha\/"]}]},{"@type":"ImageObject","inLanguage":"en-US","@id":"https:\/\/mc-triton.cz\/hlavni-inzenyr-projektu-hlavni-inzenyrka-projektu-moderni-pozemni-stavby-praha\/#primaryimage","url":"https:\/\/mc-triton.cz\/wp-content\/uploads\/2025\/06\/architecture-gc49ac46d4_1280.jpg","contentUrl":"https:\/\/mc-triton.cz\/wp-content\/uploads\/2025\/06\/architecture-gc49ac46d4_1280.jpg","width":1280,"height":720},{"@type":"BreadcrumbList","@id":"https:\/\/mc-triton.cz\/hlavni-inzenyr-projektu-hlavni-inzenyrka-projektu-moderni-pozemni-stavby-praha\/#breadcrumb","itemListElement":[{"@type":"ListItem","position":1,"name":"Dom\u016f","item":"https:\/\/mc-triton.cz\/"},{"@type":"ListItem","position":2,"name":"Projektov\u00fd mana\u017eer \/ mana\u017eerka &#8211; Hlavn\u00ed in\u017een\u00fdr projektu \/ Hlavn\u00ed in\u017een\u00fdrka projektu, modern\u00ed pozemn\u00ed stavby, Praha."}]},{"@type":"WebSite","@id":"https:\/\/mc-triton.cz\/#website","url":"https:\/\/mc-triton.cz\/","name":"M.C.TRITON","description":"Executive Management &amp; Management Consultancy for Commercial and Public sectors","publisher":{"@id":"https:\/\/mc-triton.cz\/#organization"},"potentialAction":[{"@type":"SearchAction","target":{"@type":"EntryPoint","urlTemplate":"https:\/\/mc-triton.cz\/?s={search_term_string}"},"query-input":{"@type":"PropertyValueSpecification","valueRequired":true,"valueName":"search_term_string"}}],"inLanguage":"en-US"},{"@type":"Organization","@id":"https:\/\/mc-triton.cz\/#organization","name":"M.C.TRITON","url":"https:\/\/mc-triton.cz\/","logo":{"@type":"ImageObject","inLanguage":"en-US","@id":"https:\/\/mc-triton.cz\/#\/schema\/logo\/image\/","url":"https:\/\/mc-triton.cz\/wp-content\/uploads\/2019\/04\/modre_XL.png","contentUrl":"https:\/\/mc-triton.cz\/wp-content\/uploads\/2019\/04\/modre_XL.png","width":924,"height":479,"caption":"M.C.TRITON"},"image":{"@id":"https:\/\/mc-triton.cz\/#\/schema\/logo\/image\/"},"sameAs":["https:\/\/www.facebook.com\/M.C.TRITON\/","https:\/\/www.linkedin.com\/company\/m-c-triton\/"]},{"@type":"Person","@id":"https:\/\/mc-triton.cz\/#\/schema\/person\/c687c4aff966a1ef02ad0feef2eddb0a","name":"Lud\u011bk L\u00e1vi\u010dka"}]}},"_links":{"self":[{"href":"https:\/\/mc-triton.cz\/en\/wp-json\/wp\/v2\/posts\/7145","targetHints":{"allow":["GET"]}}],"collection":[{"href":"https:\/\/mc-triton.cz\/en\/wp-json\/wp\/v2\/posts"}],"about":[{"href":"https:\/\/mc-triton.cz\/en\/wp-json\/wp\/v2\/types\/post"}],"author":[{"embeddable":true,"href":"https:\/\/mc-triton.cz\/en\/wp-json\/wp\/v2\/users\/2"}],"replies":[{"embeddable":true,"href":"https:\/\/mc-triton.cz\/en\/wp-json\/wp\/v2\/comments?post=7145"}],"version-history":[{"count":4,"href":"https:\/\/mc-triton.cz\/en\/wp-json\/wp\/v2\/posts\/7145\/revisions"}],"predecessor-version":[{"id":7324,"href":"https:\/\/mc-triton.cz\/en\/wp-json\/wp\/v2\/posts\/7145\/revisions\/7324"}],"wp:featuredmedia":[{"embeddable":true,"href":"https:\/\/mc-triton.cz\/en\/wp-json\/wp\/v2\/media\/7146"}],"wp:attachment":[{"href":"https:\/\/mc-triton.cz\/en\/wp-json\/wp\/v2\/media?parent=7145"}],"wp:term":[{"taxonomy":"category","embeddable":true,"href":"https:\/\/mc-triton.cz\/en\/wp-json\/wp\/v2\/categories?post=7145"},{"taxonomy":"post_tag","embeddable":true,"href":"https:\/\/mc-triton.cz\/en\/wp-json\/wp\/v2\/tags?post=7145"}],"curies":[{"name":"wp","href":"https:\/\/api.w.org\/{rel}","templated":true}]}}